{"id":2079,"date":"2025-01-09T12:23:00","date_gmt":"2025-01-09T11:23:00","guid":{"rendered":"https:\/\/www.lacivicapermerano.eu\/?p=2079"},"modified":"2025-02-15T12:26:20","modified_gmt":"2025-02-15T11:26:20","slug":"per-una-merano-sostenibile-non-si-puo-fermare-la-transizione-energetica","status":"publish","type":"post","link":"https:\/\/www.lacivicapermerano.eu\/de\/2025\/01\/09\/per-una-merano-sostenibile-non-si-puo-fermare-la-transizione-energetica\/","title":{"rendered":"Per una Merano sostenibile: non si pu\u00f2 fermare la transizione energetica"},"content":{"rendered":"<div id=\"fb-root\"><\/div>\n\n<p>In qualit\u00e0 di rappresentanti della Civica per Merano, desideriamo rispondere alle critiche avanzate dal gruppo dei Verdi riguardo alla destinazione di terreni comunali per i nuovi progetti legati al trasporto pubblico sostenibile.<br>Troviamo paradossale che proprio chi dovrebbe sostenere la transizione energetica si opponga a un progetto fondamentale per il futuro della mobilit\u00e0 sostenibile nella nostra citt\u00e0. Siamo fermamente convinti che Merano debba ambire a essere la prima citt\u00e0 dell&#8217;Alto Adige con una flotta di trasporto pubblico completamente decarbonizzata. Questo \u00e8 uno degli obiettivi chiave che abbiamo inserito nel recente Piano Urbano della Mobilit\u00e0 Sostenibile (PUMS), che punta a convincere la Provincia a investire in una flotta di autobus totalmente elettrica o alimentata a idrogeno.<br>L&#8217;amministrazione comunale ha gi\u00e0 individuato e mette ora a disposizione terreni di propriet\u00e0 comunale per consentire alla SASA di costruire infrastrutture essenziali, come il deposito per i nuovi autobus e l&#8217;impianto di stoccaggio dell&#8217;idrogeno. Questo passo \u00e8 indispensabile per raggiungere gli obiettivi di sostenibilit\u00e0 e riduzione delle emissioni a Merano. Siamo consapevoli che questa decisione possa comportare qualche disagio, in particolare per coloro che utilizzano gli orti comunali interessati dal progetto. Per questo ci impegniamo a lavorare con le parti coinvolte per individuare soluzioni alternative e minimizzare l\u2019impatto sulle persone interessate.<br>Tuttavia, non possiamo permettere che il progresso verso una Merano pi\u00f9 sostenibile venga ostacolato.<br>Investire in tecnologie come l\u2019idrogeno e i veicoli elettrici rappresenta una scelta inevitabile per il nostro futuro. La transizione energetica \u00e8 una responsabilit\u00e0 di tutti, per noi una priorit\u00e0, e per un futuro pi\u00f9 sostenibile il trasporto pubblico gioca un ruolo cruciale. In questo noi siamo convinti che Merano debba essere innovativa, e che possa diventare un esempio per tutto l&#8217;Alto Adige.<br>Non possiamo fermare il progresso. Dobbiamo agire ora per lasciare alle future generazioni una citt\u00e0 pi\u00f9 pulita, vivibile e rispettosa dell\u2019ambiente.<\/p>\n\n\n\n<p><\/p>","protected":false},"excerpt":{"rendered":"<p>In qualit\u00e0 di rappresentanti della Civica per Merano, desideriamo rispondere alle critiche avanzate dal gruppo dei Verdi riguardo alla destinazione di terreni [&hellip;]<\/p>\n","protected":false},"author":1,"featured_media":0,"comment_status":"closed","ping_status":"closed","sticky":false,"template":"post-templates\/post_nosidebar.php","format":"standard","meta":{"footnotes":""},"categories":[18],"tags":[],"class_list":["post-2079","post","type-post","status-publish","format-standard","hentry","category-press"],"_links":{"self":[{"href":"https:\/\/www.lacivicapermerano.eu\/de\/wp-json\/wp\/v2\/posts\/2079","targetHints":{"allow":["GET"]}}],"collection":[{"href":"https:\/\/www.lacivicapermerano.eu\/de\/wp-json\/wp\/v2\/posts"}],"about":[{"href":"https:\/\/www.lacivicapermerano.eu\/de\/wp-json\/wp\/v2\/types\/post"}],"author":[{"embeddable":true,"href":"https:\/\/www.lacivicapermerano.eu\/de\/wp-json\/wp\/v2\/users\/1"}],"replies":[{"embeddable":true,"href":"https:\/\/www.lacivicapermerano.eu\/de\/wp-json\/wp\/v2\/comments?post=2079"}],"version-history":[{"count":1,"href":"https:\/\/www.lacivicapermerano.eu\/de\/wp-json\/wp\/v2\/posts\/2079\/revisions"}],"predecessor-version":[{"id":2080,"href":"https:\/\/www.lacivicapermerano.eu\/de\/wp-json\/wp\/v2\/posts\/2079\/revisions\/2080"}],"wp:attachment":[{"href":"https:\/\/www.lacivicapermerano.eu\/de\/wp-json\/wp\/v2\/media?parent=2079"}],"wp:term":[{"taxonomy":"category","embeddable":true,"href":"https:\/\/www.lacivicapermerano.eu\/de\/wp-json\/wp\/v2\/categories?post=2079"},{"taxonomy":"post_tag","embeddable":true,"href":"https:\/\/www.lacivicapermerano.eu\/de\/wp-json\/wp\/v2\/tags?post=2079"}],"curies":[{"name":"wp","href":"https:\/\/api.w.org\/{rel}","templated":true}]}}