{"id":2071,"date":"2024-04-01T12:18:00","date_gmt":"2024-04-01T10:18:00","guid":{"rendered":"https:\/\/www.lacivicapermerano.eu\/?p=2071"},"modified":"2025-02-15T12:20:03","modified_gmt":"2025-02-15T11:20:03","slug":"illuminazione-della-facciata-del-palais-mamming","status":"publish","type":"post","link":"https:\/\/www.lacivicapermerano.eu\/de\/2024\/04\/01\/illuminazione-della-facciata-del-palais-mamming\/","title":{"rendered":"Illuminazione della facciata del palais Mamming"},"content":{"rendered":"<div id=\"fb-root\"><\/div>\n\n<p>La settimana scorsa sono iniziati i lavori di realizzazione del nuovo progetto di illuminazione della facciata del Palais Mamming Museum e della piazza antistante. Questo intervento illuminotecnico, il cui studio di fattibilit\u00e0 era gi\u00e0 stato predisposto dalla precedente amministrazione, era rimasto in sospeso per diversi anni.&nbsp;<\/p>\n\n\n\n<p>Come consigliera con incarico speciale alla Cultura ho potuto dare nuovo impulso a questo progetto e attingendo all\u2019avanzo di amministrazione del bilancio 2023, grazie alla collaborazione con l\u2019assessora Albieri e l\u2019assessore al Bilancio Zaccaria, abbiamo trovato le risorse necessarie per realizzare questa importante opera, riaffermando l\u2019importanza della valorizzazione del patrimonio storico e culturale della citt\u00e0.<\/p>\n\n\n\n<p>L&#8217;illuminazione della facciata del Palais Mamming Museum, splendido palazzo seicentesco di propriet\u00e0 comunale dal 1991, rappresenta non solo un omaggio alla sua rilevanza architettonica, ma anche un&#8217;importante iniziativa per la riqualificazione del centro storico. Il quartiere Steinach, pur caratterizzato da una ricca storia e da recenti iniziative commerciali e turistiche, necessita di una maggiore integrazione nel tessuto urbano. Questo intervento, pertanto, si configura come un passo decisivo verso tale obiettivo.<\/p>\n\n\n\n<p>L\u2019installazione del nuovo sistema di illuminazione contribuir\u00e0 a rendere il quartiere pi\u00f9 sicuro e accogliente, oltre a migliorarne l&#8217;attrattivit\u00e0 per visitatori e residenti. Il conseguente della frequentazione, soprattutto nelle ore serali,&nbsp;&nbsp;favorir\u00e0 la creazione di un ambiente vivace e dinamico, essenziale per il rilancio e lo sviluppo di questa importante area cittadina.<\/p>\n\n\n\n<p>L&#8217;installazione di un nuovo sistema di illuminazione non solo render\u00e0 il quartiere pi\u00f9 accogliente e sicuro, ma aumenter\u00e0 anche la sua attrattivit\u00e0 per visitatori e residenti. Una maggiore accessibilit\u00e0 e frequentazione, soprattutto nelle ore serali, contribuir\u00e0 infatti a creare un ambiente vivace e dinamico, fondamentale per il successo e lo sviluppo di questo splendido angolo della nostra amata citt\u00e0.<\/p>\n\n\n\n<p><\/p>","protected":false},"excerpt":{"rendered":"<p>La settimana scorsa sono iniziati i lavori di realizzazione del nuovo progetto di illuminazione della facciata del Palais Mamming Museum e della [&hellip;]<\/p>\n","protected":false},"author":1,"featured_media":0,"comment_status":"closed","ping_status":"closed","sticky":false,"template":"post-templates\/post_nosidebar.php","format":"standard","meta":{"footnotes":""},"categories":[18],"tags":[],"class_list":["post-2071","post","type-post","status-publish","format-standard","hentry","category-press"],"_links":{"self":[{"href":"https:\/\/www.lacivicapermerano.eu\/de\/wp-json\/wp\/v2\/posts\/2071","targetHints":{"allow":["GET"]}}],"collection":[{"href":"https:\/\/www.lacivicapermerano.eu\/de\/wp-json\/wp\/v2\/posts"}],"about":[{"href":"https:\/\/www.lacivicapermerano.eu\/de\/wp-json\/wp\/v2\/types\/post"}],"author":[{"embeddable":true,"href":"https:\/\/www.lacivicapermerano.eu\/de\/wp-json\/wp\/v2\/users\/1"}],"replies":[{"embeddable":true,"href":"https:\/\/www.lacivicapermerano.eu\/de\/wp-json\/wp\/v2\/comments?post=2071"}],"version-history":[{"count":1,"href":"https:\/\/www.lacivicapermerano.eu\/de\/wp-json\/wp\/v2\/posts\/2071\/revisions"}],"predecessor-version":[{"id":2072,"href":"https:\/\/www.lacivicapermerano.eu\/de\/wp-json\/wp\/v2\/posts\/2071\/revisions\/2072"}],"wp:attachment":[{"href":"https:\/\/www.lacivicapermerano.eu\/de\/wp-json\/wp\/v2\/media?parent=2071"}],"wp:term":[{"taxonomy":"category","embeddable":true,"href":"https:\/\/www.lacivicapermerano.eu\/de\/wp-json\/wp\/v2\/categories?post=2071"},{"taxonomy":"post_tag","embeddable":true,"href":"https:\/\/www.lacivicapermerano.eu\/de\/wp-json\/wp\/v2\/tags?post=2071"}],"curies":[{"name":"wp","href":"https:\/\/api.w.org\/{rel}","templated":true}]}}