{"id":2069,"date":"2024-08-07T12:17:00","date_gmt":"2024-08-07T10:17:00","guid":{"rendered":"https:\/\/www.lacivicapermerano.eu\/?p=2069"},"modified":"2025-02-15T12:17:40","modified_gmt":"2025-02-15T11:17:40","slug":"est-ovest","status":"publish","type":"post","link":"https:\/\/www.lacivicapermerano.eu\/de\/2024\/08\/07\/est-ovest\/","title":{"rendered":"Est Ovest"},"content":{"rendered":"<div id=\"fb-root\"><\/div>\n\n<p>Mi permetto ancora una volta di prendere posizione rispetto alla tristissima polemica che si \u00e8 innescata in merito alla mancata autorizzazione da parte del comune al concerto di sabato scorso che doveva tenersi nella sede dell\u2019Est-Ovest.&nbsp;<\/p>\n\n\n\n<p>Davvero non capisco cosa ci sia di cos\u00ec difficile da comprendere rispetto a quanto accaduto.&nbsp;<\/p>\n\n\n\n<p>Stimo e apprezzo profondamente l\u2019attivit\u00e0 di Est-Ovest, da decenni importante riferimento per i giovani della nostra comunit\u00e0. Ma in tutta umilt\u00e0, forse sbagliando, e in questo caso mi scuso con senatrice e assessore provinciale, prontamente intervenuti a fare quadrato intorno alla Vice-Sindaca, credo che se tutte le altre associazioni culturali e giovanili che operano sul territorio e che organizzano eventi e manifestazioni sportive, culturali e di intrattenimento \u2013 mi riferisco ad es. a Strike Up, Jungle, Tilt-La Strada e tante altre &#8211; producono regolarmente, per ogni evento, tutta la documentazione necessaria richiesta dalla normativa provinciale per garantire la sicurezza dei partecipanti, credo sia giusto che lo stesso faccia anche Est-Ovest.&nbsp;<\/p>\n\n\n\n<p>Ritengo fondamentale che si sappia che l\u2019autorizzazione per l\u2019evento di sabato scorso non \u00e8 stata concessa, non perch\u00e9 mancava una lampadina delle luci di sicurezza, come qualcuno ha sostenuto. In realt\u00e0 mancavano tutti gli allegati per la conformit\u00e0 dell\u2019impianto luci di emergenza.<\/p>\n\n\n\n<p>E a dirla tutta, questa amministrazione nei confronti di Est-Ovest ha gi\u00e0 chiuso un occhio e anche due in pi\u00f9 di un\u2019occasione in passato e lo ha fatto anche pi\u00f9 recentemente. Il primo evento tenutosi il 1.luglio all\u2019Est-Ovest, che ha di fatto prestato gli spazi al Festival Jazz, \u00e8 stato autorizzato dalla Vice-Sindaca, mentre l\u2019evento successivo del 26 luglio, inaugurazione ufficiale della sede, \u00e8 stato autorizzato dall\u2019assessore Perbellini. A differenza dell&#8217;autorizzazione rilasciata dalla vice-sindaca, quella rilasciata dall&#8217;assessore Perbellini, era corredata di un parere tecnico favorevole a condizione che venissero osservate determinate prescrizioni, che per\u00f2 alla fine non sono state rispettate.&nbsp;<br>Una chiara dimostrazione quindi, da un lato di quanto quest\u2019amministrazione,&nbsp;tutta, sta facendo per andare incontro ad Est-Ovest e, dall\u2019altro, di come invece il Club tenda a non rispettare le disposizioni.<\/p>\n\n\n\n<p>A questo punto mi rivolgo all\u2019assessore Achammer e alla senatrice Unterberger, intervenuti ieri su social e testate on-line: ma davvero state chiedendo a questa amministrazione di continuare a chiudere un occhio, sospendendo di fatto l\u2019applicazione della vigente normativa provinciale, e autorizzare le pubbliche manifestazioni nella nuova sede di Est-Ovest anche in assenza di rispetto delle prescrizioni?<\/p>\n\n\n\n<p>E\u2019 questo il messaggio che volete trasmettere? Ritengo che la politica abbia la responsabilit\u00e0 di trasmettere valori quali correttezza, trasparenza e uguaglianza. Le regole devono essere uguali per tutti, non possono essere modificate o ignorate a favore di uno o dell\u2019altro. Questo comportamento mina la fiducia nelle istituzioni e crea un pericoloso precedente.<\/p>\n\n\n\n<p>Se le regole attuali non vanno bene, allora la soluzione \u00e8 proporre e discutere nuove regole, non ignorarle. Il rispetto delle regole \u00e8 fondamentale per una comunit\u00e0 equa e giusta. Nessuno dovrebbe sentirsi al di sopra della legge, specialmente chi le leggi le emana.<\/p>","protected":false},"excerpt":{"rendered":"<p>Mi permetto ancora una volta di prendere posizione rispetto alla tristissima polemica che si \u00e8 innescata in merito alla mancata autorizzazione da [&hellip;]<\/p>\n","protected":false},"author":1,"featured_media":0,"comment_status":"closed","ping_status":"closed","sticky":false,"template":"post-templates\/post_nosidebar.php","format":"standard","meta":{"footnotes":""},"categories":[18],"tags":[],"class_list":["post-2069","post","type-post","status-publish","format-standard","hentry","category-press"],"_links":{"self":[{"href":"https:\/\/www.lacivicapermerano.eu\/de\/wp-json\/wp\/v2\/posts\/2069","targetHints":{"allow":["GET"]}}],"collection":[{"href":"https:\/\/www.lacivicapermerano.eu\/de\/wp-json\/wp\/v2\/posts"}],"about":[{"href":"https:\/\/www.lacivicapermerano.eu\/de\/wp-json\/wp\/v2\/types\/post"}],"author":[{"embeddable":true,"href":"https:\/\/www.lacivicapermerano.eu\/de\/wp-json\/wp\/v2\/users\/1"}],"replies":[{"embeddable":true,"href":"https:\/\/www.lacivicapermerano.eu\/de\/wp-json\/wp\/v2\/comments?post=2069"}],"version-history":[{"count":1,"href":"https:\/\/www.lacivicapermerano.eu\/de\/wp-json\/wp\/v2\/posts\/2069\/revisions"}],"predecessor-version":[{"id":2070,"href":"https:\/\/www.lacivicapermerano.eu\/de\/wp-json\/wp\/v2\/posts\/2069\/revisions\/2070"}],"wp:attachment":[{"href":"https:\/\/www.lacivicapermerano.eu\/de\/wp-json\/wp\/v2\/media?parent=2069"}],"wp:term":[{"taxonomy":"category","embeddable":true,"href":"https:\/\/www.lacivicapermerano.eu\/de\/wp-json\/wp\/v2\/categories?post=2069"},{"taxonomy":"post_tag","embeddable":true,"href":"https:\/\/www.lacivicapermerano.eu\/de\/wp-json\/wp\/v2\/tags?post=2069"}],"curies":[{"name":"wp","href":"https:\/\/api.w.org\/{rel}","templated":true}]}}