{"id":2067,"date":"2024-08-03T12:16:00","date_gmt":"2024-08-03T10:16:00","guid":{"rendered":"https:\/\/www.lacivicapermerano.eu\/?p=2067"},"modified":"2025-02-15T12:16:42","modified_gmt":"2025-02-15T11:16:42","slug":"est-ovest-capisca-che-le-regole-devono-valere-per-tutti-e-vanno-rispettate","status":"publish","type":"post","link":"https:\/\/www.lacivicapermerano.eu\/de\/2024\/08\/03\/est-ovest-capisca-che-le-regole-devono-valere-per-tutti-e-vanno-rispettate\/","title":{"rendered":"EST OVEST capisca che le regole devono valere per tutti e vanno rispettate"},"content":{"rendered":"<div id=\"fb-root\"><\/div>\n\n<p>Annunciando in modo criptico la mancata autorizzazione a una manifestazione senza specificarne i motivi reali che ben conosceva, il Club Est Ovest ha permesso che l&#8217;Amministrazione venisse deliberatamente e ingiustamente attaccata via social.&nbsp;&nbsp;La Civica per Merano si dissocia da questo tipo di comunicazione, ricordando ai dirigenti dell\u2019Est-Ovest, associazione che \u00e8 indiscutibilmente un prezioso patrimonio per la popolazione tutta, che come per ogni altra associazione o esercizio pubblico, anche le loro manifestazioni devono essere in regola con la normativa vigente sulla sicurezza e con le regole dettate dal Comune. Per questo motivo, lasciare velatamente intendere, pubblicamente che il Comune sia contro Est Ovest, dopo che Amministrazione e dirigenza&nbsp;&nbsp;si erano incontrati per chiarire quali fossero gli interventi ancora necessari per la messa a norma, ci pare un atteggiamento poco corretto nei confronti di tutti coloro, a partire dalla nostra assessora ai Giovani Emanuela Albieri, che all\u2019interno dell\u2019amministrazione si stanno impegnando per garantire all\u2019Est-Ovest di poter svolgere la loro attivit\u00e0 al meglio e quindi anche nel rispetto delle regole.&nbsp;<\/p>\n\n\n\n<p>Ci preme ricordare che a Merano ci sono tante altre associazioni che promuovo eventi musicali e culturali in genere, e tutte devono rispettare regole e regolamenti.<\/p>\n\n\n\n<p>All\u2019Est-Ovest ricordiamo che la loro sede \u00e8 condivisa con ASM e SCM, due societ\u00e0 sportive che esprimono valori importanti per la societ\u00e0, tra i quali il rispetto delle regole. Regole per l&#8217;organizzazione di eventi che oltre alle associazioni, anche gli esercizi pubblici sono chiamati a rispettare, pena la sospensione della licenza. Ci auguriamo che le criticit\u00e0 ancora irrisolte nell\u2019organizzazione di manifestazioni di Est Ovest, evidenziate dagli articoli di stampa, vengano superate quanto prima, con la piena collaborazione della nostra assessora Emanuela Albieri sempre disponibile a confrontarsi con la dirigenza del Club nel cercare soluzioni. Ricordiamo infine ai dirigenti del Club che nessun\u2019altra organizzazione culturale in citt\u00e0 ha mai potuto contare su un regalo di oltre 700.000 euro, messi a disposizione dell\u2019assessorato alla Cultura della Provincia, per la realizzazione di una sede. Per questo motivo riteniamo a maggior ragione auspicabile che i dirigenti dell\u2019associazione Est-Ovest comprendano con un po&#8217; pi\u00f9 di umilt\u00e0 e gratitudine, che il rispetto delle regole che gli viene richiesto \u00e8 quanto meno giusto e auspichiamo che non si pongano in un confronto di concorrenza sleale nei confronti delle realt\u00e0 commerciali private, che invece devono sopravvivere contando soltanto sulle proprie risorse, senza alcun tipo di sostegno, aiuto o favore esterno.<\/p>\n\n\n\n<p><\/p>","protected":false},"excerpt":{"rendered":"<p>Annunciando in modo criptico la mancata autorizzazione a una manifestazione senza specificarne i motivi reali che ben conosceva, il Club Est Ovest [&hellip;]<\/p>\n","protected":false},"author":1,"featured_media":0,"comment_status":"closed","ping_status":"closed","sticky":false,"template":"post-templates\/post_nosidebar.php","format":"standard","meta":{"footnotes":""},"categories":[18],"tags":[],"class_list":["post-2067","post","type-post","status-publish","format-standard","hentry","category-press"],"_links":{"self":[{"href":"https:\/\/www.lacivicapermerano.eu\/de\/wp-json\/wp\/v2\/posts\/2067","targetHints":{"allow":["GET"]}}],"collection":[{"href":"https:\/\/www.lacivicapermerano.eu\/de\/wp-json\/wp\/v2\/posts"}],"about":[{"href":"https:\/\/www.lacivicapermerano.eu\/de\/wp-json\/wp\/v2\/types\/post"}],"author":[{"embeddable":true,"href":"https:\/\/www.lacivicapermerano.eu\/de\/wp-json\/wp\/v2\/users\/1"}],"replies":[{"embeddable":true,"href":"https:\/\/www.lacivicapermerano.eu\/de\/wp-json\/wp\/v2\/comments?post=2067"}],"version-history":[{"count":1,"href":"https:\/\/www.lacivicapermerano.eu\/de\/wp-json\/wp\/v2\/posts\/2067\/revisions"}],"predecessor-version":[{"id":2068,"href":"https:\/\/www.lacivicapermerano.eu\/de\/wp-json\/wp\/v2\/posts\/2067\/revisions\/2068"}],"wp:attachment":[{"href":"https:\/\/www.lacivicapermerano.eu\/de\/wp-json\/wp\/v2\/media?parent=2067"}],"wp:term":[{"taxonomy":"category","embeddable":true,"href":"https:\/\/www.lacivicapermerano.eu\/de\/wp-json\/wp\/v2\/categories?post=2067"},{"taxonomy":"post_tag","embeddable":true,"href":"https:\/\/www.lacivicapermerano.eu\/de\/wp-json\/wp\/v2\/tags?post=2067"}],"curies":[{"name":"wp","href":"https:\/\/api.w.org\/{rel}","templated":true}]}}