{"id":2065,"date":"2024-11-13T12:11:00","date_gmt":"2024-11-13T11:11:00","guid":{"rendered":"https:\/\/www.lacivicapermerano.eu\/?p=2065"},"modified":"2025-02-15T12:15:02","modified_gmt":"2025-02-15T11:15:02","slug":"presa-di-posizione-in-merito-al-progetto-della-nuova-rockarena-e-al-palazzetto-dello-sport","status":"publish","type":"post","link":"https:\/\/www.lacivicapermerano.eu\/de\/2024\/11\/13\/presa-di-posizione-in-merito-al-progetto-della-nuova-rockarena-e-al-palazzetto-dello-sport\/","title":{"rendered":"Presa di posizione in merito al progetto della nuova Rockarena e al Palazzetto dello Sport"},"content":{"rendered":"<div id=\"fb-root\"><\/div>\n\n<p>Ma se la Provincia \u00e8 gi\u00e0 oggi in possesso di quattro ettari dell\u2019area delle caserme, perch\u00e9 noi non possiamo chiedere di utilizzarne due per costruire il Palazzetto dello Sport da subito? Non per i nostri figli o nipoti\u2026 ma per poterlo utilizzare ora, per avere fra pochi anni finalmente una struttura pronta entro tempi ragionevoli.<\/p>\n\n\n\n<p><strong>La fattibilit\u00e0 del Palazzetto dello Sport nell\u2019area delle caserme<\/strong><\/p>\n\n\n\n<p>\u00c8 importante sottolineare che la Provincia \u00e8 gi\u00e0 in possesso di quattro ettari nell\u2019area delle caserme, mentre per realizzare un Palazzetto dello Sport ne servirebbe meno della met\u00e0. Se c\u2019\u00e8 una reale volont\u00e0 da parte dell\u2019amministrazione comunale e provinciale, \u00e8 assolutamente possibile avviare questo progetto in tempi relativamente rapidi. \u00c8 una soluzione concreta e realizzabile, che rappresenta una risposta efficace alla mancanza di un\u2019infrastruttura sportiva fondamentale per Merano.<\/p>\n\n\n\n<p><strong>Le criticit\u00e0 della proposta legata al Pala Mainardo.<\/strong><\/p>\n\n\n\n<p>L\u2019idea di costruire una palestra nell\u2019area del Pala Mainardo, aggiungendo ulteriore cubatura sopra la struttura esistente, evidenzia la superficialit\u00e0 della proposta fatta.<\/p>\n\n\n\n<p>Questa soluzione potrebbe essere adeguata per una semplice palestra, ma non per un vero Palazzetto dello Sport. Le dimensioni sarebbero insufficienti per ospitare spazi dedicati a tribune e servizi annessi, che sono imprescindibili per una struttura destinata a ospitare eventi sportivi di livello. Questa proposta, oltre a essere quindi irrealizzabile, rischia di distogliere l\u2019attenzione dalla vera priorit\u00e0.<\/p>\n\n\n\n<p><strong>Gli investimenti gi\u00e0 effettuati sulla Rockarena<\/strong><\/p>\n\n\n\n<p>\u00c8 necessario ricordare che la Rockarena \u00e8 stata oggetto di investimenti significativi negli ultimi anni, che l\u2019hanno resa una struttura moderna e funzionale. Pensare oggi di costruire ex novo una nuova Rockarena significa, di fatto, gettare al vento i milioni spesi nel recente passato. Si tratta di una scelta che non si concilia con una gestione oculata delle risorse pubbliche, che dovrebbero essere destinate a progetti nuovi e realmente prioritari per la citt\u00e0.<\/p>\n\n\n\n<p><strong>Coerenza con il programma di giunta<\/strong><\/p>\n\n\n\n<p>Desidero infine ricordare che la realizzazione del Palazzetto dello Sport \u00e8 stata inserita nel<\/p>\n\n\n\n<p>programma di giunta concordato all\u2019inizio di questa legislatura. Al contrario, il progetto della nuova palestra di roccia non \u00e8 nemmeno menzionato nel programma sottoscritto da tutte le forze di maggioranza. Se la SVP vuole essere coerente e fedele agli impegni presi, ci auguriamo che si batta insieme a noi per la realizzazione di un vero Palazzetto dello Sport, una priorit\u00e0 che rappresenta un obiettivo condiviso e atteso da anni dai cittadini di Merano.<\/p>\n\n\n\n<p><strong>Conclusione<\/strong><\/p>\n\n\n\n<p>Ritengo che l\u2019amministrazione comunale debba concentrare i propri sforzi e le risorse economiche su progetti che rappresentino una vera priorit\u00e0 per la citt\u00e0 di Merano. Il Palazzetto dello Sport \u00e8 una di queste priorit\u00e0, un\u2019infrastruttura attesa da anni e fondamentale per la nostra comunit\u00e0. Continuare a investire in soluzioni parziali o ridondanti non \u00e8 la strada giusta per rispondere alle esigenze dei cittadini.<\/p>\n\n\n\n<p><\/p>","protected":false},"excerpt":{"rendered":"<p>Ma se la Provincia \u00e8 gi\u00e0 oggi in possesso di quattro ettari dell\u2019area delle caserme, perch\u00e9 noi non possiamo chiedere di utilizzarne [&hellip;]<\/p>\n","protected":false},"author":1,"featured_media":0,"comment_status":"closed","ping_status":"closed","sticky":false,"template":"post-templates\/post_nosidebar.php","format":"standard","meta":{"footnotes":""},"categories":[18],"tags":[],"class_list":["post-2065","post","type-post","status-publish","format-standard","hentry","category-press"],"_links":{"self":[{"href":"https:\/\/www.lacivicapermerano.eu\/de\/wp-json\/wp\/v2\/posts\/2065","targetHints":{"allow":["GET"]}}],"collection":[{"href":"https:\/\/www.lacivicapermerano.eu\/de\/wp-json\/wp\/v2\/posts"}],"about":[{"href":"https:\/\/www.lacivicapermerano.eu\/de\/wp-json\/wp\/v2\/types\/post"}],"author":[{"embeddable":true,"href":"https:\/\/www.lacivicapermerano.eu\/de\/wp-json\/wp\/v2\/users\/1"}],"replies":[{"embeddable":true,"href":"https:\/\/www.lacivicapermerano.eu\/de\/wp-json\/wp\/v2\/comments?post=2065"}],"version-history":[{"count":1,"href":"https:\/\/www.lacivicapermerano.eu\/de\/wp-json\/wp\/v2\/posts\/2065\/revisions"}],"predecessor-version":[{"id":2066,"href":"https:\/\/www.lacivicapermerano.eu\/de\/wp-json\/wp\/v2\/posts\/2065\/revisions\/2066"}],"wp:attachment":[{"href":"https:\/\/www.lacivicapermerano.eu\/de\/wp-json\/wp\/v2\/media?parent=2065"}],"wp:term":[{"taxonomy":"category","embeddable":true,"href":"https:\/\/www.lacivicapermerano.eu\/de\/wp-json\/wp\/v2\/categories?post=2065"},{"taxonomy":"post_tag","embeddable":true,"href":"https:\/\/www.lacivicapermerano.eu\/de\/wp-json\/wp\/v2\/tags?post=2065"}],"curies":[{"name":"wp","href":"https:\/\/api.w.org\/{rel}","templated":true}]}}