{"id":2063,"date":"2024-09-11T12:09:00","date_gmt":"2024-09-11T10:09:00","guid":{"rendered":"https:\/\/www.lacivicapermerano.eu\/?p=2063"},"modified":"2025-02-15T12:10:33","modified_gmt":"2025-02-15T11:10:33","slug":"crisi-abitativa-a-merano","status":"publish","type":"post","link":"https:\/\/www.lacivicapermerano.eu\/de\/2024\/09\/11\/crisi-abitativa-a-merano\/","title":{"rendered":"Crisi abitativa a Merano"},"content":{"rendered":"<div id=\"fb-root\"><\/div>\n\n<p>La crisi abitativa rappresenta una sfida cruciale che le Civiche, insieme al Sindaco, stanno affrontando con prudenza, visione strategica e senso di responsabilit\u00e0, evitando decisioni affrettate o azioni improvvisate. La direzione \u00e8 chiara: lo sviluppo urbano della nostra citt\u00e0 deve essere pianificato con lungimiranza.<\/p>\n\n\n\n<p>In questo contesto, accogliamo con grande soddisfazione la notizia che la Giunta provinciale ha finalmente approvato un pacchetto di misure per l\u2019edilizia agevolata, con particolare attenzione agli alloggi residenziali a prezzi calmierati. Tra le iniziative pi\u00f9 significative vi \u00e8 la modifica imminente del regolamento sugli alloggi calmierati, che introdurr\u00e0 un nuovo sistema di convenzione tra costruttori privati e Comuni. Questa misura, attesa da tempo, mancava finora di regole attuative concrete. Ora, con l\u2019introduzione di queste disposizioni, l\u2019amministrazione avr\u00e0 finalmente uno strumento normativo che le permetter\u00e0 di orientare lo sviluppo residenziale privato in base alle reali esigenze abitative della citt\u00e0, facilitando l\u2019accesso alla prima casa per famiglie, giovani coppie e cittadini a basso reddito.<\/p>\n\n\n\n<p>Per chiarire meglio, Merano dispone, oltre al Piano Urbanistico Comunale, di un ulteriore strumento fondamentale: il Masterplan, che offre indicazioni precise sulle possibili trasformazioni urbanistiche. In particolare, prevede la possibilit\u00e0 di convertire aree a destinazione produttiva in zone residenziali.&nbsp;<\/p>\n\n\n\n<p>La Legge Urbanistica Provinciale 9\/18 mette a disposizione diversi strumenti per regolamentare queste trasformazioni, offrendo all\u2019amministrazione comunale l\u2019opportunit\u00e0 di negoziare con i privati le soluzioni pi\u00f9 vantaggiose per la comunit\u00e0. Ad esempio, l\u2019amministrazione pu\u00f2 richiedere la realizzazione di infrastrutture, alloggi per l\u2019edilizia agevolata o abitazioni a prezzi calmierati. La disponibilit\u00e0 dei privati ad aumentare la quota di alloggi calmierati, anche laddove non fosse obbligatorio, costituir\u00e0 quindi, un elemento preferenziale nella valutazione delle proposte.<\/p>\n\n\n\n<p>Queste misure rappresentano un passo significativo nella direzione di una maggiore equit\u00e0 abitativa, rispondendo in maniera concreta alle esigenze delle famiglie e al crescente fabbisogno di abitazioni accessibili nella nostra citt\u00e0. Restiamo in attesa dei dettagli sui criteri di assegnazione e confidiamo che queste azioni possano portare un beneficio reale e tangibile alla comunit\u00e0 meranese.<\/p>","protected":false},"excerpt":{"rendered":"<p>La crisi abitativa rappresenta una sfida cruciale che le Civiche, insieme al Sindaco, stanno affrontando con prudenza, visione strategica e senso di [&hellip;]<\/p>\n","protected":false},"author":1,"featured_media":0,"comment_status":"closed","ping_status":"closed","sticky":false,"template":"post-templates\/post_nosidebar.php","format":"standard","meta":{"footnotes":""},"categories":[18],"tags":[],"class_list":["post-2063","post","type-post","status-publish","format-standard","hentry","category-press"],"_links":{"self":[{"href":"https:\/\/www.lacivicapermerano.eu\/de\/wp-json\/wp\/v2\/posts\/2063","targetHints":{"allow":["GET"]}}],"collection":[{"href":"https:\/\/www.lacivicapermerano.eu\/de\/wp-json\/wp\/v2\/posts"}],"about":[{"href":"https:\/\/www.lacivicapermerano.eu\/de\/wp-json\/wp\/v2\/types\/post"}],"author":[{"embeddable":true,"href":"https:\/\/www.lacivicapermerano.eu\/de\/wp-json\/wp\/v2\/users\/1"}],"replies":[{"embeddable":true,"href":"https:\/\/www.lacivicapermerano.eu\/de\/wp-json\/wp\/v2\/comments?post=2063"}],"version-history":[{"count":1,"href":"https:\/\/www.lacivicapermerano.eu\/de\/wp-json\/wp\/v2\/posts\/2063\/revisions"}],"predecessor-version":[{"id":2064,"href":"https:\/\/www.lacivicapermerano.eu\/de\/wp-json\/wp\/v2\/posts\/2063\/revisions\/2064"}],"wp:attachment":[{"href":"https:\/\/www.lacivicapermerano.eu\/de\/wp-json\/wp\/v2\/media?parent=2063"}],"wp:term":[{"taxonomy":"category","embeddable":true,"href":"https:\/\/www.lacivicapermerano.eu\/de\/wp-json\/wp\/v2\/categories?post=2063"},{"taxonomy":"post_tag","embeddable":true,"href":"https:\/\/www.lacivicapermerano.eu\/de\/wp-json\/wp\/v2\/tags?post=2063"}],"curies":[{"name":"wp","href":"https:\/\/api.w.org\/{rel}","templated":true}]}}