{"id":1883,"date":"2024-02-28T14:14:00","date_gmt":"2024-02-28T13:14:00","guid":{"rendered":"https:\/\/www.lacivicapermerano.eu\/?p=1883"},"modified":"2025-01-30T14:15:13","modified_gmt":"2025-01-30T13:15:13","slug":"sicurezza-a-merano-2","status":"publish","type":"post","link":"https:\/\/www.lacivicapermerano.eu\/de\/2024\/02\/28\/sicurezza-a-merano-2\/","title":{"rendered":"Sicurezza a Merano"},"content":{"rendered":"<div id=\"fb-root\"><\/div>\n\n<p>La sicurezza non \u00e8 solo un tema di cui parlare, \u00e8 soprattutto una questione da risolvere!&nbsp;<\/p>\n\n\n\n<p>Sabato scorso l\u2019ennesimo episodio di violenza all\u2019esterno del Kimm, al termine di un Maturaball.&nbsp;<\/p>\n\n\n\n<p>Si tratta purtroppo di episodi che si verificano con sempre maggiore frequenza e ci coinvolgono tutti. Coinvolgono i nostri figli, le nostre donne, i nostri anziani.&nbsp;<\/p>\n\n\n\n<p>E il bisogno di sentirsi pi\u00f9 sicuri \u00e8 diventato&nbsp;&nbsp;trasversale.&nbsp;&nbsp;E\u2019 un bisogno del tutto umano, anzi \u00e8 un diritto. Un diritto che un\u2019 amministrazione pubblica deve fare il possibile per garantire.<\/p>\n\n\n\n<p>Come segretario della Civica per Merano accolgo e sostengo con assoluta convinzione le misure messe in campo dal nostro sindaco, che nell\u2019assumere&nbsp;&nbsp;posizioni, che altri forse pi\u00f9 per convenienza \u201cdemagogica\u201d che per effettiva convinzione, preferiscono condannare, dimostra invece una volta di pi\u00f9 un grande senso di responsabilit\u00e0 e coraggio.<\/p>\n\n\n\n<p>La nostra comunit\u00e0 ha il diritto di sentirsi al sicuro e purtroppo l\u2019esperienza ci sta dimostrando che la prevenzione non \u00e8 sufficiente a garantire la sicurezza nella nostra comunit\u00e0, nonostante le ingenti risorse impiegate dal Comune nell\u2019ambito della prevenzione! Lo sa bene la nostra assessora Emanuela Albieri!<\/p>\n\n\n\n<p>La settimana scorsa \u00e8 uscito un articolo sull\u2019Alto Adige che riporta le iniziative del Sindaco in tema di Sicurezza Urbana.<\/p>\n\n\n\n<p>Qui non si tratta di misure volte al CONTROLLO, bens\u00ec di strategie finalizzate alla PROTEZIONE dei cittadini.<\/p>\n\n\n\n<p>E\u2019 questo il punto di vista da cui suggerisco di osservare le politica del nostro sindaco.&nbsp;<\/p>\n\n\n\n<p>Perch\u00e9 \u00e8 questo che la citt\u00e1 chiede. Ed \u00e8 questo che l\u2019amministrazione ha l\u2019obbligo morale di garantire.&nbsp;<\/p>\n\n\n\n<p>In merito all\u2019episodio di sabato, l\u2019ennesimo nel suo genere, lavoreremo, la Civica per Merano insieme al Sindaco, per istituire un sistema di monitoraggio delle aree frequentate dai giovani durante eventi come il ballo di maturit\u00e0, o all\u2019esterno dei locali sensibili, con l&#8217;impiego di volontari o personale appositamente addestrato per rilevare e affrontare situazioni potenzialmente rischiose in modo preventivo.<\/p>\n\n\n\n<p>Non possiamo stare a guardare. Dobbiamo agire. Dobbiamo risolvere.&nbsp;<\/p>\n\n\n\n<p>Con coraggio e senso di responsabilit\u00e0. Esattamente come stiamo facendo.&nbsp;<\/p>\n\n\n\n<p>A chi ci critica chiedo di fare proposte concrete, anzich\u00e9 condannare iniziative di cui forse talvolta non conosce tutti i dettagli progettuali; chiedo di collaborare anzich\u00e9 fare demagogia inutile che non porta soluzioni bens\u00ec soltanto ulteriori tensioni sociali.<\/p>\n\n\n\n<p>Andrea Casolari<\/p>\n\n\n\n<p>(Segretario de La Civica per Merano)<\/p>","protected":false},"excerpt":{"rendered":"<p>La sicurezza non \u00e8 solo un tema di cui parlare, \u00e8 soprattutto una questione da risolvere!&nbsp; Sabato scorso l\u2019ennesimo episodio di violenza [&hellip;]<\/p>\n","protected":false},"author":1,"featured_media":0,"comment_status":"closed","ping_status":"closed","sticky":false,"template":"post-templates\/post_nosidebar.php","format":"standard","meta":{"footnotes":""},"categories":[18],"tags":[],"class_list":["post-1883","post","type-post","status-publish","format-standard","hentry","category-press"],"_links":{"self":[{"href":"https:\/\/www.lacivicapermerano.eu\/de\/wp-json\/wp\/v2\/posts\/1883","targetHints":{"allow":["GET"]}}],"collection":[{"href":"https:\/\/www.lacivicapermerano.eu\/de\/wp-json\/wp\/v2\/posts"}],"about":[{"href":"https:\/\/www.lacivicapermerano.eu\/de\/wp-json\/wp\/v2\/types\/post"}],"author":[{"embeddable":true,"href":"https:\/\/www.lacivicapermerano.eu\/de\/wp-json\/wp\/v2\/users\/1"}],"replies":[{"embeddable":true,"href":"https:\/\/www.lacivicapermerano.eu\/de\/wp-json\/wp\/v2\/comments?post=1883"}],"version-history":[{"count":1,"href":"https:\/\/www.lacivicapermerano.eu\/de\/wp-json\/wp\/v2\/posts\/1883\/revisions"}],"predecessor-version":[{"id":1884,"href":"https:\/\/www.lacivicapermerano.eu\/de\/wp-json\/wp\/v2\/posts\/1883\/revisions\/1884"}],"wp:attachment":[{"href":"https:\/\/www.lacivicapermerano.eu\/de\/wp-json\/wp\/v2\/media?parent=1883"}],"wp:term":[{"taxonomy":"category","embeddable":true,"href":"https:\/\/www.lacivicapermerano.eu\/de\/wp-json\/wp\/v2\/categories?post=1883"},{"taxonomy":"post_tag","embeddable":true,"href":"https:\/\/www.lacivicapermerano.eu\/de\/wp-json\/wp\/v2\/tags?post=1883"}],"curies":[{"name":"wp","href":"https:\/\/api.w.org\/{rel}","templated":true}]}}