{"id":1881,"date":"2024-10-14T14:13:00","date_gmt":"2024-10-14T12:13:00","guid":{"rendered":"https:\/\/www.lacivicapermerano.eu\/?p=1881"},"modified":"2025-01-30T14:14:06","modified_gmt":"2025-01-30T13:14:06","slug":"sicurezza-a-merano","status":"publish","type":"post","link":"https:\/\/www.lacivicapermerano.eu\/de\/2024\/10\/14\/sicurezza-a-merano\/","title":{"rendered":"Sicurezza a Merano"},"content":{"rendered":"<div id=\"fb-root\"><\/div>\n\n<p>Civica per Merano: Solidariet\u00e0 ai commercianti sbeffeggiati dai ladri in citt\u00e0<\/p>\n\n\n\n<p>Negli ultimi giorni e in particolare nello scorso weekend i commercianti del centro cittadino sono stati vittime di una serie di furti da parte dei soliti noti che, non paghi, dopo essere stati fermati dalle Forze dell&#8217;ordine, si sono ripresentati sul luogo delle loro scorribande per denigrare gli esercenti e offenderne i clienti. Ladri ripresi dalle video camere di sorveglianza, riconosciuti quali autori dei furti oltre ogni ragionevole dubbio, fermati dalle Forze dell&#8217;ordine ma che per via delle leggi vigenti sono tornati subito liberi,&nbsp;&nbsp;non solo per delinquere bens\u00ec anche farsi beffa delle loro vittime.<\/p>\n\n\n\n<p>La Civica per Merano esprime vicinanza e solidariet\u00e0 verso i commercianti del centro che da soli si sono organizzati per difendere le loro attivit\u00e0 dall&#8217;azione di questi soggetti, mettendo cos\u00ec in piedi un sistema di comunicazione tra loro, che pi\u00f9 di una volta ha portato all&#8217;identificazione degli autori di reati particolarmente fastidiosi, poi segnalati alle Forze dell&#8217;ordine.&nbsp;<\/p>\n\n\n\n<p>Spiega il capogruppo consigliare della Civica per Merano: \u00abI commercianti, grazie a una capillare rete di comunicazione, stanno facendo la loro parte, fornendo alle Forze dell&#8217;ordine ogni possibile informazione utile per risalire ai responsabili dei troppi furti che appaiono spesso impuniti. Dal canto loro, le Forze dell&#8217;ordine, anche grazie all&#8217;azione del sindaco Dal Medico che ha chiesto per la nostra citt\u00e0 pi\u00f9 risorse e mezzi, spesso arrivano in breve tempo all&#8217;identificazione degli autori di questi fatti spiacevoli. Il punto \u00e8 che nel nostro paese questi individui sembrano ben conoscere le troppe scappatoie tra le leggi e riescono quindi spesso a farla franca.\u201d<\/p>\n\n\n\n<p>Secondo Taranto, ci\u00f2 che manca ai sindaci e agli amministratori delle citt\u00e0 \u00e8 la realizzazione concreta delle altisonanti promesse elettorali del governo attualmente in carica, composto da Fratelli d&#8217;Italia e Lega, partiti che avevano prospettato un significativo cambio di rotta in materia di sicurezza, ancora non concretizzatosi, come dimostrano gli episodi del fine settimana scorso. Taranto sottolinea inoltre la carenza di condizioni legislative che consentano al sistema giudiziario di adottare misure efficaci per evitare che chi viene arrestato, venga rilasciato senza dover nemmeno subire un processo.&nbsp;<\/p>\n\n\n\n<p>Parallelamente, la Civica per Merano esprime piena solidariet\u00e0 verso le Forze dell&#8217;ordine \u2013 dagli agenti impegnati giorno e notte nel pattugliamento delle nostre strade ai vertici gerarchici \u2013 per l\u2019importante e imprescindibile ruolo di controllo del territorio, un impegno che, tuttavia, non \u00e8 adeguatamente supportato da un quadro normativo in grado di tutelare il loro operato e la dignit\u00e0 dei cittadini.&#8221;<\/p>\n\n\n\n<p>La Civica per Merano<\/p>","protected":false},"excerpt":{"rendered":"<p>Civica per Merano: Solidariet\u00e0 ai commercianti sbeffeggiati dai ladri in citt\u00e0 Negli ultimi giorni e in particolare nello scorso weekend i commercianti [&hellip;]<\/p>\n","protected":false},"author":1,"featured_media":0,"comment_status":"closed","ping_status":"closed","sticky":false,"template":"post-templates\/post_nosidebar.php","format":"standard","meta":{"footnotes":""},"categories":[18],"tags":[],"class_list":["post-1881","post","type-post","status-publish","format-standard","hentry","category-press"],"_links":{"self":[{"href":"https:\/\/www.lacivicapermerano.eu\/de\/wp-json\/wp\/v2\/posts\/1881","targetHints":{"allow":["GET"]}}],"collection":[{"href":"https:\/\/www.lacivicapermerano.eu\/de\/wp-json\/wp\/v2\/posts"}],"about":[{"href":"https:\/\/www.lacivicapermerano.eu\/de\/wp-json\/wp\/v2\/types\/post"}],"author":[{"embeddable":true,"href":"https:\/\/www.lacivicapermerano.eu\/de\/wp-json\/wp\/v2\/users\/1"}],"replies":[{"embeddable":true,"href":"https:\/\/www.lacivicapermerano.eu\/de\/wp-json\/wp\/v2\/comments?post=1881"}],"version-history":[{"count":1,"href":"https:\/\/www.lacivicapermerano.eu\/de\/wp-json\/wp\/v2\/posts\/1881\/revisions"}],"predecessor-version":[{"id":1882,"href":"https:\/\/www.lacivicapermerano.eu\/de\/wp-json\/wp\/v2\/posts\/1881\/revisions\/1882"}],"wp:attachment":[{"href":"https:\/\/www.lacivicapermerano.eu\/de\/wp-json\/wp\/v2\/media?parent=1881"}],"wp:term":[{"taxonomy":"category","embeddable":true,"href":"https:\/\/www.lacivicapermerano.eu\/de\/wp-json\/wp\/v2\/categories?post=1881"},{"taxonomy":"post_tag","embeddable":true,"href":"https:\/\/www.lacivicapermerano.eu\/de\/wp-json\/wp\/v2\/tags?post=1881"}],"curies":[{"name":"wp","href":"https:\/\/api.w.org\/{rel}","templated":true}]}}