{"id":1877,"date":"2024-11-08T14:11:00","date_gmt":"2024-11-08T13:11:00","guid":{"rendered":"https:\/\/www.lacivicapermerano.eu\/?p=1877"},"modified":"2025-01-30T14:12:25","modified_gmt":"2025-01-30T13:12:25","slug":"palazzetto-dello-sport","status":"publish","type":"post","link":"https:\/\/www.lacivicapermerano.eu\/de\/2024\/11\/08\/palazzetto-dello-sport\/","title":{"rendered":"Palazzetto dello sport"},"content":{"rendered":"<div id=\"fb-root\"><\/div>\n\n<p><strong>Replica al progetto di nuova Kletterhalle e alle recenti dichiarazioni della Vice Sindaca e del presidente AVS<\/strong><\/p>\n\n\n\n<p>In merito all&#8217;articolo pubblicato sulla \u201cDolomiten\u201d riguardo alla nuova RockArena, ritengo necessario fare alcune precisazioni e offrire un punto di vista diverso rispetto a quanto espresso dalla Vice Sindaca Katharina Zeller e dal presidente di AVS, Elmar Knoll.<\/p>\n\n\n\n<h3 class=\"wp-block-heading\">1.&nbsp;<strong>Una proposta che personalmente non mi convince: priorit\u00e0 e costi fuori controllo<\/strong><\/h3>\n\n\n\n<p>Il progetto di una nuova palestra di roccia, nato inizialmente come un ampliamento con un preventivo di 6,7 milioni di euro, ha ormai raggiunto una cifra di 11 milioni (con peraltro buona probabilit\u00e0 che possano non bastare). \u00c8 evidente che i costi sono esplosi, e anche se la Provincia si \u00e8 dichiarata disposta a coprire il 65% dell\u2019investimento, rester\u00e0 una quota di oltre 4,5 milioni a carico del Comune di Merano. Questa \u00e8 una cifra considerevole, che deve essere valutata con estrema attenzione, soprattutto considerando che l\u2019attuale Rockarena \u00e8 una struttura gi\u00e0 eccellente e gestita direttamente da AVS, un\u2019associazione che ha ricevuto un\u2019importante concessione da parte del Comune.<\/p>\n\n\n\n<p>Negli ultimi 15 anni, la Rockarena \u00e8 stata oggetto di ampliamenti e miglioramenti significativi, grazie a investimenti non banali. Dimenticare questo fatto, come sembrano fare le parole del presidente Knoll, \u00e8 non solo irriconoscente, ma anche fuorviante per i cittadini. La giunta Januth, cos\u00ec come altre amministrazioni precedenti, hanno creduto fermamente nello sviluppo della Rockarena e hanno investito molto.<\/p>\n\n\n\n<h3 class=\"wp-block-heading\">2.&nbsp;<strong>Il mio impegno per Rockarena<\/strong><\/h3>\n\n\n\n<p>Parlo con cognizione di causa, avendo ricoperto il ruolo di presidente di Meranarena e, successivamente, di assessore allo sport, proprio negli anni in cui abbiamo investito su questa struttura. Ho sempre creduto nel valore della Rockarena e mi sono impegnato attivamente per sostenerne la crescita, sia dal punto di vista gestionale che attraverso lo sviluppo di investimenti significativi. \u00c8 proprio per questo che trovo le dichiarazioni del presidente Knoll, che sembrano ignorare gli sforzi e i milioni spesi dalle amministrazioni passate, ingiuste e prive di riconoscenza. Gli interventi fatti negli anni per Rockarena testimoniano quanto questa struttura sia stata supportata, ed \u00e8 doveroso ricordarlo.<\/p>\n\n\n\n<h3 class=\"wp-block-heading\">3.&nbsp;<strong>Un dibattito necessario per il bene della citt\u00e0<\/strong><\/h3>\n\n\n\n<p>Le dichiarazioni perentorie della Vice Sindaca Zeller confermano un atteggiamento che appare sempre pi\u00f9 finalizzato alla campagna elettorale piuttosto che al buon governo. Affermare che \u201cnon lasceremo che il progetto venga bloccato per supposizioni\u201d \u00e8 un modo per sminuire un dibattito legittimo e ignorare le responsabilit\u00e0 collettive di una coalizione.&nbsp;<\/p>\n\n\n\n<p>Affrontare temi cos\u00ec importanti, che prevedono un notevole impegno economico, richiede una discussione approfondita e condivisa. \u00c8 nostro compito come amministratori valutare le proposte con senso critico, equilibrio e responsabilit\u00e0, senza forzature o decisioni affrettate. Progetti di questa portata devono rispondere a esigenze reali della comunit\u00e0 e rispettare le priorit\u00e0 fissate collettivamente.<\/p>\n\n\n\n<h3 class=\"wp-block-heading\">4.&nbsp;<strong>Le vere priorit\u00e0 per lo sport a Merano<\/strong><\/h3>\n\n\n\n<p>La nostra coalizione ha messo nero su bianco che la priorit\u00e0 per Merano \u00e8 la costruzione di un Palazzetto dello Sport, una struttura fondamentale che manca alla nostra citt\u00e0 e che i cittadini meritano. Questo progetto \u00e8 stato chiaramente indicato come obiettivo principale nel programma di governo, mentre la nuova Kletterhalle non vi compare nemmeno. Per noi, dunque, \u00e8 evidente che gli sforzi economici e progettuali debbano essere concentrati sul Palazzetto dello Sport, che rappresenta un investimento per tutta la comunit\u00e0.<\/p>\n\n\n\n<h3 class=\"wp-block-heading\">In Conclusione<\/h3>\n\n\n\n<p>Riconosciamo il valore della Rockarena e il lavoro svolto negli anni per farla crescere, ma non possiamo accettare che vengano destinate risorse prioritarie a un progetto non concordato e con costi esorbitanti. Dobbiamo essere responsabili e coerenti con gli impegni presi nei confronti dei cittadini. Per me la priorit\u00e0 di Merano \u00e8 la realizzazione del Palazzetto dello Sport, ed il mio personale impegno sar\u00e0 affinch\u00e9 questo obiettivo diventi realt\u00e0.<\/p>\n\n\n\n<p>Andrea Casolari<\/p>\n\n\n\n<p>(ex assessore allo Sport e ex segretario della Civica per Merano)<\/p>\n\n\n\n<p><\/p>","protected":false},"excerpt":{"rendered":"<p>Replica al progetto di nuova Kletterhalle e alle recenti dichiarazioni della Vice Sindaca e del presidente AVS In merito all&#8217;articolo pubblicato sulla [&hellip;]<\/p>\n","protected":false},"author":1,"featured_media":0,"comment_status":"closed","ping_status":"closed","sticky":false,"template":"post-templates\/post_nosidebar.php","format":"standard","meta":{"footnotes":""},"categories":[18],"tags":[],"class_list":["post-1877","post","type-post","status-publish","format-standard","hentry","category-press"],"_links":{"self":[{"href":"https:\/\/www.lacivicapermerano.eu\/de\/wp-json\/wp\/v2\/posts\/1877","targetHints":{"allow":["GET"]}}],"collection":[{"href":"https:\/\/www.lacivicapermerano.eu\/de\/wp-json\/wp\/v2\/posts"}],"about":[{"href":"https:\/\/www.lacivicapermerano.eu\/de\/wp-json\/wp\/v2\/types\/post"}],"author":[{"embeddable":true,"href":"https:\/\/www.lacivicapermerano.eu\/de\/wp-json\/wp\/v2\/users\/1"}],"replies":[{"embeddable":true,"href":"https:\/\/www.lacivicapermerano.eu\/de\/wp-json\/wp\/v2\/comments?post=1877"}],"version-history":[{"count":1,"href":"https:\/\/www.lacivicapermerano.eu\/de\/wp-json\/wp\/v2\/posts\/1877\/revisions"}],"predecessor-version":[{"id":1878,"href":"https:\/\/www.lacivicapermerano.eu\/de\/wp-json\/wp\/v2\/posts\/1877\/revisions\/1878"}],"wp:attachment":[{"href":"https:\/\/www.lacivicapermerano.eu\/de\/wp-json\/wp\/v2\/media?parent=1877"}],"wp:term":[{"taxonomy":"category","embeddable":true,"href":"https:\/\/www.lacivicapermerano.eu\/de\/wp-json\/wp\/v2\/categories?post=1877"},{"taxonomy":"post_tag","embeddable":true,"href":"https:\/\/www.lacivicapermerano.eu\/de\/wp-json\/wp\/v2\/tags?post=1877"}],"curies":[{"name":"wp","href":"https:\/\/api.w.org\/{rel}","templated":true}]}}