{"id":1875,"date":"2024-06-02T14:10:00","date_gmt":"2024-06-02T12:10:00","guid":{"rendered":"https:\/\/www.lacivicapermerano.eu\/?p=1875"},"modified":"2025-01-30T14:11:44","modified_gmt":"2025-01-30T13:11:44","slug":"landessprachenzahlung-appel","status":"publish","type":"post","link":"https:\/\/www.lacivicapermerano.eu\/de\/2024\/06\/02\/landessprachenzahlung-appel\/","title":{"rendered":"Landessprachenz\u00e4hlung: Appel"},"content":{"rendered":"<div id=\"fb-root\"><\/div>\n\n<p><strong>Appell der \u201cCivica per Merano\u201d<\/strong><\/p>\n\n\n\n<p>&nbsp;Es verbleiben noch zwei Wochen f\u00fcr die Teilnahme an der Landessprachenz\u00e4hlung<\/p>\n\n\n\n<p>Die Landessprachenz\u00e4hlung l\u00e4uft noch, allerdings nur noch zwei Wochen und endet am 30. Juni. Die Beteiligungsquoten waren bisher niedrig und wir laden alle B\u00fcrgerinnen und B\u00fcrger ein, die n\u00e4chsten zwei Wochen zu nutzen, um zum Erfolg der Initiative beizutragen.<\/p>\n\n\n\n<p>Die Teilnahme an der Volksz\u00e4hlung ist nicht nur eine b\u00fcrgerliche Pflicht sondern vor allem ein Grundrecht, also das Recht auf vollst\u00e4ndige Vertretung gegen\u00fcber der eigenen Sprachgruppe.<\/p>\n\n\n\n<p>Die ethnische Proportionalit\u00e4t ist n\u00e4mlich eine besondere rechtliche Regelung, die in S\u00fcdtirol unter anderem den Zugang zu \u00f6ffentlichen Arbeitspl\u00e4tzen und die Zuteilung von Sozialwohnungen regelt und eine gerechte Verteilung der Ressourcen zwischen der italienischen, deutschen und ladinischen Sprachgruppe garantiert.<\/p>\n\n\n\n<p>Obwohl es manchmal als eine veraltete Initiative betrachtet wird, ist es ein wesentliches Instrument in rechtlichem Kontext, da die Autonome Provinz Bozen durch das Statut der Selbstverwaltung geregelt wird.<\/p>\n\n\n\n<p>Ohne umfassende Beteiligung besteht die Gefahr einer Verzerrung der Daten, die f\u00fcr die politische Repr\u00e4sentation, die Einstellung von Beamten und die Verteilung \u00f6ffentlicher Mittel, z.b. f\u00fcr Kultur oder&nbsp;&nbsp;sozialen Wohnbau, verwendet werden.<\/p>\n\n\n\n<p>Nach der ersten Phase der Online-Umfrage begann im April die zweite Phase der Volksz\u00e4hlung, in der Interviewer der Stadtverwaltung T\u00fcr-zu-T\u00fcr-Befragungen durchf\u00fchrten.<\/p>\n\n\n\n<p>Allerdings ist es nicht m\u00f6glich, alle B\u00fcrger zu erreichen, die noch nicht teilgenommen haben.<\/p>\n\n\n\n<p>Deshalb bitten wir diejenigen, die noch keine Erkl\u00e4rung abgegeben haben, ins Rathaus zu kommen. Im Zimmer 116 im ersten Stock, besteht die M\u00f6glichkeit das entsprechende Formular auszuf\u00fcllen (Tel.: 0473 250138 und 0473 250347).<\/p>\n\n\n\n<p>Dies dauert nur wenige Minuten, ist aber f\u00fcr eine gute Bestandsaufnahme unerl\u00e4sslich.<\/p>\n\n\n\n<p>Die \u00d6ffnungszeiten des B\u00fcros, das f\u00fcr die Erhebung der Volksz\u00e4hlungsdaten zust\u00e4ndig ist, sind wie folgt:<\/p>\n\n\n\n<p>Montag, Dienstag, Mittwoch und Freitag von 8:30 bis 12:00 Uhr und Donnerstag von 8:30 bis 13:00 Uhr, sowie von 14:00 bis 17:30 Uhr.<\/p>\n\n\n\n<p>Beatrice Calligione<\/p>\n\n\n\n<p>Sekret\u00e4rin der \u201cCivica per Merano\u201d<\/p>","protected":false},"excerpt":{"rendered":"<p>Appell der \u201cCivica per Merano\u201d &nbsp;Es verbleiben noch zwei Wochen f\u00fcr die Teilnahme an der Landessprachenz\u00e4hlung Die Landessprachenz\u00e4hlung l\u00e4uft noch, allerdings nur [&hellip;]<\/p>\n","protected":false},"author":1,"featured_media":0,"comment_status":"closed","ping_status":"closed","sticky":false,"template":"post-templates\/post_nosidebar.php","format":"standard","meta":{"footnotes":""},"categories":[18],"tags":[],"class_list":["post-1875","post","type-post","status-publish","format-standard","hentry","category-press"],"_links":{"self":[{"href":"https:\/\/www.lacivicapermerano.eu\/de\/wp-json\/wp\/v2\/posts\/1875","targetHints":{"allow":["GET"]}}],"collection":[{"href":"https:\/\/www.lacivicapermerano.eu\/de\/wp-json\/wp\/v2\/posts"}],"about":[{"href":"https:\/\/www.lacivicapermerano.eu\/de\/wp-json\/wp\/v2\/types\/post"}],"author":[{"embeddable":true,"href":"https:\/\/www.lacivicapermerano.eu\/de\/wp-json\/wp\/v2\/users\/1"}],"replies":[{"embeddable":true,"href":"https:\/\/www.lacivicapermerano.eu\/de\/wp-json\/wp\/v2\/comments?post=1875"}],"version-history":[{"count":1,"href":"https:\/\/www.lacivicapermerano.eu\/de\/wp-json\/wp\/v2\/posts\/1875\/revisions"}],"predecessor-version":[{"id":1876,"href":"https:\/\/www.lacivicapermerano.eu\/de\/wp-json\/wp\/v2\/posts\/1875\/revisions\/1876"}],"wp:attachment":[{"href":"https:\/\/www.lacivicapermerano.eu\/de\/wp-json\/wp\/v2\/media?parent=1875"}],"wp:term":[{"taxonomy":"category","embeddable":true,"href":"https:\/\/www.lacivicapermerano.eu\/de\/wp-json\/wp\/v2\/categories?post=1875"},{"taxonomy":"post_tag","embeddable":true,"href":"https:\/\/www.lacivicapermerano.eu\/de\/wp-json\/wp\/v2\/tags?post=1875"}],"curies":[{"name":"wp","href":"https:\/\/api.w.org\/{rel}","templated":true}]}}