{"id":1873,"date":"2024-06-27T14:09:00","date_gmt":"2024-06-27T12:09:00","guid":{"rendered":"https:\/\/www.lacivicapermerano.eu\/?p=1873"},"modified":"2025-01-30T14:10:31","modified_gmt":"2025-01-30T13:10:31","slug":"per-lippodromo","status":"publish","type":"post","link":"https:\/\/www.lacivicapermerano.eu\/de\/2024\/06\/27\/per-lippodromo\/","title":{"rendered":"Per l&#8217;ippodromo"},"content":{"rendered":"<div id=\"fb-root\"><\/div>\n\n<p>Sull&#8217;Ippodromo la Giunta Dal Medico ci ha visto lungo<\/p>\n\n\n\n<p>Il gruppo Consiliare del La Civica per Merano esprime soddisfazione per l&#8217;inizio dei lavori del Comitato paritetico Provincia\/Comune che predisporr\u00e0 il Masterplan per lo sviluppo dell&#8217;areale dell&#8217;Ippodromo. Spiega il consigliere comunale Walter Taranto: \u00abGrazie a una politica lungimirante della nostra Giunta e una gestione di Merano Galoppo che mai come meranese finiremo di ringraziare, l&#8217;Ippodromo di Merano oggi in Italia rappresenta un esempio di buona gestione, tanto che la vice presidentessa Clara Martone \u00e8 stata nominata dal Ministero della agricoltura quale membro del tavolo di lavoro che si occupa di rivedere il sistema di classificazione degli Ippodromi dal quale dipendono le sovvenzioni statali\u00bb, spiega Taranto.&nbsp;<\/p>\n\n\n\n<p>Con l&#8217;inizio dei lavori del Comitato la rotta \u00e8 tracciata e il rischio di vedere chiuso il nostro impianto; che il prossimo anno compir\u00e0 90 anni; \u00e8 svanito anche e soprattutto grazie alla operazione di permuta gestita dal Sindaco Dario Dal Medico e orchestrata dall&#8217;assessore Nerio Zaccaria dopo tentennamenti e il tempo perso dall&#8217;ex sindaco Paul R\u00f6sch. Una operazione vantaggiosa per Merano che impegna la Provincia ad assumersi le sue responsabilit\u00e0 finanziando gli investimenti che necessitano un impianto a valenza sovracomunale come \u00e8 l\u00b4ippodromo di Merano, partendo&nbsp;&nbsp;da 21 ml di euro di investimenti iniziali, oltre alla realizzazione di tutti quegli interventi di messa in sicurezza della struttura ippica. Lo abbiamo sempre detto, noi de La Civica, che da solo il Comune di Merano non avrebbe avuto le risorse per rilanciare l&#8217;Ippodromo, vista l&#8217;oculatezza con la quale l&#8217;Amministrazione cittadina \u00e8 obbligata a destinare le sue risorse non infinite in un mondo dove le priorit\u00e0 devono tenere conto delle diverse esigenze dei cittadini.&nbsp;<\/p>\n\n\n\n<p>Soddisfatta Beatrice Calligione, coordinatrice de La Civica che afferma: \u201cL&#8217;Ippodromo rappresenta un patrimonio storico della nostra citt\u00e0 e la prospettiva concreta di valorizzare questo polmone verde, tanto prezioso per la nostra citt\u00e0, destinandolo anche ad iniziative culturali e di intrattenimento, arricchendo cos\u00ec l&#8217;offerta culturale rivolta ai cittadini meranesi, ci colma di orgoglio e soddisfazione\u201d. spiega Calligione.&nbsp;<\/p>\n\n\n\n<p>Conclude il consigliere comunale Andrea Casolari: \u00abSe avessimo dato retta ai rappresentanti locali in Comune e Provincia di Fratelli d&#8217;Italia, oggi il futuro dell&#8217;Ippodromo sarebbe quanto mai buio. Registriamo invece che, nonostante le promesse del sottosegretario La Pietra del partito di Giorgia Meloni il quale in occasione dello scorso Gran Premio Merano arriv\u00f2 a fare la passerella elettorale di partito promettendo per l&#8217;Ippodromo meranese mari e monti, oggi dobbiamo leggere che invece il governo Meloni per il prossimo anno ha tagliato del 20% le sovvenzioni all&#8217;Ippodromo di Merano\u00bb, termina Casolari.<\/p>","protected":false},"excerpt":{"rendered":"<p>Sull&#8217;Ippodromo la Giunta Dal Medico ci ha visto lungo Il gruppo Consiliare del La Civica per Merano esprime soddisfazione per l&#8217;inizio dei [&hellip;]<\/p>\n","protected":false},"author":1,"featured_media":0,"comment_status":"closed","ping_status":"closed","sticky":false,"template":"post-templates\/post_nosidebar.php","format":"standard","meta":{"footnotes":""},"categories":[18],"tags":[],"class_list":["post-1873","post","type-post","status-publish","format-standard","hentry","category-press"],"_links":{"self":[{"href":"https:\/\/www.lacivicapermerano.eu\/de\/wp-json\/wp\/v2\/posts\/1873","targetHints":{"allow":["GET"]}}],"collection":[{"href":"https:\/\/www.lacivicapermerano.eu\/de\/wp-json\/wp\/v2\/posts"}],"about":[{"href":"https:\/\/www.lacivicapermerano.eu\/de\/wp-json\/wp\/v2\/types\/post"}],"author":[{"embeddable":true,"href":"https:\/\/www.lacivicapermerano.eu\/de\/wp-json\/wp\/v2\/users\/1"}],"replies":[{"embeddable":true,"href":"https:\/\/www.lacivicapermerano.eu\/de\/wp-json\/wp\/v2\/comments?post=1873"}],"version-history":[{"count":1,"href":"https:\/\/www.lacivicapermerano.eu\/de\/wp-json\/wp\/v2\/posts\/1873\/revisions"}],"predecessor-version":[{"id":1874,"href":"https:\/\/www.lacivicapermerano.eu\/de\/wp-json\/wp\/v2\/posts\/1873\/revisions\/1874"}],"wp:attachment":[{"href":"https:\/\/www.lacivicapermerano.eu\/de\/wp-json\/wp\/v2\/media?parent=1873"}],"wp:term":[{"taxonomy":"category","embeddable":true,"href":"https:\/\/www.lacivicapermerano.eu\/de\/wp-json\/wp\/v2\/categories?post=1873"},{"taxonomy":"post_tag","embeddable":true,"href":"https:\/\/www.lacivicapermerano.eu\/de\/wp-json\/wp\/v2\/tags?post=1873"}],"curies":[{"name":"wp","href":"https:\/\/api.w.org\/{rel}","templated":true}]}}