{"id":1867,"date":"2024-10-08T14:06:00","date_gmt":"2024-10-08T12:06:00","guid":{"rendered":"https:\/\/www.lacivicapermerano.eu\/?p=1867"},"modified":"2025-01-30T14:07:33","modified_gmt":"2025-01-30T13:07:33","slug":"casa-per-le-opportunita","status":"publish","type":"post","link":"https:\/\/www.lacivicapermerano.eu\/de\/2024\/10\/08\/casa-per-le-opportunita\/","title":{"rendered":"Casa per le opportunit\u00e0"},"content":{"rendered":"<div id=\"fb-root\"><\/div>\n\n<p>La Giunta Provinciale ha infatti approvato ieri il progetto di realizzazione della Casa delle Opportunit\u00e0 nell\u2019edificio denominato Villa Mosca, facente parte del complesso Zarenbrunn in via Schaffer.<\/p>\n\n\n\n<p>Apprendiamo con favore la notizia che Merano avr\u00e0 finalmente la Casa delle Opportunit\u00e0, una struttura dedicata a persone con disagio abitativo, una delle dieci priorit\u00e0 del programma di questa amministrazione comunale.&nbsp;<\/p>\n\n\n\n<p>Appoggiamo convintamente anche l&#8217;intento di superare l&#8217;inaccettabile prassi di relegare persone o famiglie in difficolt\u00e0 ai margini della citt\u00e0 o in quartieri socialmente meno favoriti.&nbsp;<\/p>\n\n\n\n<p>Questo importante risultato ci offre per\u00f2 anche l\u2019occasione per riflettere su alcuni aspetti politici pi\u00f9 ampi. Non intendiamo entrare in polemica, ma piuttosto invitare a una riflessione condivisa che, se accolta da tutti gli attori coinvolti, pu\u00f2 portare a un cambiamento positivo e a un confronto costruttivo, per una citt\u00e0 che merita di essere governata con coerenza e rispetto verso i cittadini, costretti invece ad assistere a contrasti poco edificanti.<\/p>\n\n\n\n<p>Accelerare un processo senza il coinvolgimento di tutte le parti interessate, a partire dal Sindaco, con il solo scopo di attribuirsi il merito per fini elettorali, non \u00e8 un esempio di buona politica, soprattutto in un contesto in cui i cittadini, sempre pi\u00f9 delusi da simili pratiche, si allontanano dalla politica.<\/p>\n\n\n\n<p>Il metodo \u00e8 sempre importante perch\u00e9 esso non \u00e8 apparenza, ma sostanza, denota rispetto, attenzione, capacit\u00e0 di ascolto. E\u2019 dunque necessario procedere sempre ad un confronto diretto, aperto, costruttivo, senza equivoci tra i rappresentanti degli enti, soprattutto ai loro massimi livelli.<\/p>\n\n\n\n<p>Il confronto deve esser prima di tutto istituzionale, solo secondariamente partitico.&nbsp;<\/p>\n\n\n\n<p>E il confronto implica un coinvolgimento delle parti consapevole e rispettoso, sin dagli albori del progetto, cosa che purtroppo non \u00e8 avvenuta.<\/p>\n\n\n\n<p>Queste decisioni devono essere prese all&#8217;interno delle sedi istituzionali competenti, a partire dalla Giunta Comunale, quale massimo organo rappresentativo della volont\u00e0 dei cittadini a seguito di un confronto aperto, consapevole e responsabile, che prenda in considerazione tutti gli aspetti, sia favorevoli che contrari, oltre alla fattibilit\u00e0 tecnica ed economica delle varie opzioni possibili.&nbsp;<\/p>\n\n\n\n<p>Ci auguriamo che da qui in avanti il dialogo prevalga sulle ambizioni elettorali.<\/p>\n\n\n\n<p>Beatrice Calligione<\/p>\n\n\n\n<p>(Segretaria della Civica per Merano)<\/p>\n\n\n\n<p><\/p>","protected":false},"excerpt":{"rendered":"<p>La Giunta Provinciale ha infatti approvato ieri il progetto di realizzazione della Casa delle Opportunit\u00e0 nell\u2019edificio denominato Villa Mosca, facente parte del [&hellip;]<\/p>\n","protected":false},"author":1,"featured_media":0,"comment_status":"closed","ping_status":"closed","sticky":false,"template":"post-templates\/post_nosidebar.php","format":"standard","meta":{"footnotes":""},"categories":[18],"tags":[],"class_list":["post-1867","post","type-post","status-publish","format-standard","hentry","category-press"],"_links":{"self":[{"href":"https:\/\/www.lacivicapermerano.eu\/de\/wp-json\/wp\/v2\/posts\/1867","targetHints":{"allow":["GET"]}}],"collection":[{"href":"https:\/\/www.lacivicapermerano.eu\/de\/wp-json\/wp\/v2\/posts"}],"about":[{"href":"https:\/\/www.lacivicapermerano.eu\/de\/wp-json\/wp\/v2\/types\/post"}],"author":[{"embeddable":true,"href":"https:\/\/www.lacivicapermerano.eu\/de\/wp-json\/wp\/v2\/users\/1"}],"replies":[{"embeddable":true,"href":"https:\/\/www.lacivicapermerano.eu\/de\/wp-json\/wp\/v2\/comments?post=1867"}],"version-history":[{"count":1,"href":"https:\/\/www.lacivicapermerano.eu\/de\/wp-json\/wp\/v2\/posts\/1867\/revisions"}],"predecessor-version":[{"id":1868,"href":"https:\/\/www.lacivicapermerano.eu\/de\/wp-json\/wp\/v2\/posts\/1867\/revisions\/1868"}],"wp:attachment":[{"href":"https:\/\/www.lacivicapermerano.eu\/de\/wp-json\/wp\/v2\/media?parent=1867"}],"wp:term":[{"taxonomy":"category","embeddable":true,"href":"https:\/\/www.lacivicapermerano.eu\/de\/wp-json\/wp\/v2\/categories?post=1867"},{"taxonomy":"post_tag","embeddable":true,"href":"https:\/\/www.lacivicapermerano.eu\/de\/wp-json\/wp\/v2\/tags?post=1867"}],"curies":[{"name":"wp","href":"https:\/\/api.w.org\/{rel}","templated":true}]}}