{"id":1865,"date":"2024-10-09T14:05:00","date_gmt":"2024-10-09T12:05:00","guid":{"rendered":"https:\/\/www.lacivicapermerano.eu\/?p=1865"},"modified":"2025-01-30T14:06:13","modified_gmt":"2025-01-30T13:06:13","slug":"chancenhaus","status":"publish","type":"post","link":"https:\/\/www.lacivicapermerano.eu\/de\/2024\/10\/09\/chancenhaus\/","title":{"rendered":"Chancenhaus"},"content":{"rendered":"<div id=\"fb-root\"><\/div>\n\n<p>Wir begr\u00fc\u00dfen die Entscheidung der Landesregierung, dass Meran endlich das Haus der Chancen haben wird. Eine Einrichtung f\u00fcr Menschen in Wohnungsnot. Somit kann eine der zehn Priorit\u00e4ten im Programm dieser Stadtverwaltung realisiert werden. Die Landesregierung hat gestern das Projekt f\u00fcr die Errichtung des Hauses der Chancen im Geb\u00e4ude Villa Mosca, das Teil des Zarenbrunn-Komplexes in der Schafferstra\u00dfe ist, genehmigt.<\/p>\n\n\n\n<p>Dies ist ein wichtiger Meilenstein f\u00fcr unsere Stadt. Die Zielgruppe des Projektes, n\u00e4mlich Frauen mit Kindern in Not, ist unserer Meinung nach f\u00fcr die Struktur und den Standort pr\u00e4destiniert. Ebenso unterst\u00fctzen wir ausdr\u00fccklich das Ziel, die inakzeptable Praxis zu \u00fcberwinden, Menschen oder Familien in Not an den Rand der Stadt oder in sozial weniger bevorzugte Stadtteile zu dr\u00e4ngen. Wir halten es jedoch auch f\u00fcr wichtig, ein friedliches Zusammenleben zwischen den zuk\u00fcnftigen Bewohnern der Einrichtung und der orthodoxen Gemeinschaft mit ihrer Kirche und ihren Aktivit\u00e4ten zu gew\u00e4hrleisten.<\/p>\n\n\n\n<p>Dieses wichtige Ergebnis bietet uns jedoch auch die Gelegenheit, \u00fcber weiter\u00fchrende politische Aspekte nachzudenken. Der Wahlkampf ist bereits in vollem Gange, und einige Spannungen sind bereits sp\u00fcrbar. Wir m\u00f6chten nicht in Polemik verfallen, sondern vielmehr zu einer gemeinsamen Reflexion einladen, die, wenn sie von allen Beteiligten angenommen wird, zu einer positiven Ver\u00e4nderung und einem konstruktiven Dialog f\u00fchren kann, f\u00fcr eine Stadt, die es verdient hat, mit Konsequenz und Respekt gegen\u00fcber den B\u00fcrgern regiert zu werden. Es sollte nicht sein, dass die Meranerinnen und Meraner mit wenig erbaulichen politischen Auseinandersetzungen konfrontiert werden.<\/p>\n\n\n\n<p>Ein Verfahren zu beschleunigen, ohne alle Beteiligten, beginnend mit dem B\u00fcrgermeister, einzubeziehen, nur um sich selbst den Verdienst f\u00fcr Wahlzwecke zuzusprechen, stellt ein unkorrektes und unverantwortliches Verhalten dar. Das ist sicherlich kein Beispiel f\u00fcr gute Politik, besonders in einer Zeit, in dem die B\u00fcrger, zunehmend entt\u00e4uscht von solchen Praktiken, sich von der Politik abwenden.<\/p>\n\n\n\n<p>Der B\u00fcrgermeister hatte bereits Zweifel an der Vorgehensweise ge\u00e4u\u00dfert, und wir halten es f\u00fcr angebracht, auf diesen Punkt zur\u00fcckzukommen, genau aus den oben genannten Gr\u00fcnden. Die Methode ist immer wichtig, denn sie ist nicht nur Schein, sondern hat auch Substanz. Sie ist ein Ma\u00df f\u00fcr Respekt, Aufmerksamkeit und der F\u00e4higkeit zu zuh\u00f6ren. Um die Zusammenarbeit zwischen den Gebietsk\u00f6rperschaften zu optimieren, ist es daher notwendig, immer einen direkten, offenen und konstruktiven Austausch zu f\u00fchren, ohne Missverst\u00e4ndnisse zwischen den Vertretern der verschiedenen K\u00f6rperschaften zu f\u00f6rdern. Der Austausch sollte in Sachthemen immer institutionell und nicht parteipolitisch sein. Nur so k\u00f6nnen wichtige Ergebnisse f\u00fcr alle erzielt werden. Die Zusammenarbeit zwischen Staat, Region, Provinz, Bezirksgemeinschaft und Gemeinde ist von gro\u00dfer Bedeutung. Deshalb m\u00fcssen wir den respektvollen und korrekten Weg des Dialogs suchen, damit Missverst\u00e4ndnisse, egeal aus welchem Grund, ehestens beseitigt werden k\u00f6nnen. Dialog setzt immer ein bewusstes und respektvolles Einbeziehen aller Beteiligten voraus, was in diesem Falle leider nicht geschehen ist.<\/p>\n\n\n\n<p>Diese Entscheidungen sollten in den zust\u00e4ndigen institutionellen Gremien getroffen werden, beginnend mit dem Gemeinderat, als oberstes Gremium zur Vertretung des Willens der Meranerinnen und Meraner. Nach einem offenen, bewussten und verantwortungsvollen Austausch, k\u00f6nnen alle Aspekte, seien es positive als auch negative, sowie technische und wirtschaftliche abgewogen und ber\u00fccksichtigt werden.<\/p>\n\n\n\n<p>Wir hoffen, dass der Dialog von nun an die Wahlambitionen \u00fcberwiegt.<\/p>\n\n\n\n<p>Beatrice Calligione<br>(Sekret\u00e4rin der Liste Civica per Merano)<\/p>\n\n\n\n<p><\/p>","protected":false},"excerpt":{"rendered":"<p>Wir begr\u00fc\u00dfen die Entscheidung der Landesregierung, dass Meran endlich das Haus der Chancen haben wird. Eine Einrichtung f\u00fcr Menschen in Wohnungsnot. Somit [&hellip;]<\/p>\n","protected":false},"author":1,"featured_media":0,"comment_status":"closed","ping_status":"closed","sticky":false,"template":"post-templates\/post_nosidebar.php","format":"standard","meta":{"footnotes":""},"categories":[18],"tags":[],"class_list":["post-1865","post","type-post","status-publish","format-standard","hentry","category-press"],"_links":{"self":[{"href":"https:\/\/www.lacivicapermerano.eu\/de\/wp-json\/wp\/v2\/posts\/1865","targetHints":{"allow":["GET"]}}],"collection":[{"href":"https:\/\/www.lacivicapermerano.eu\/de\/wp-json\/wp\/v2\/posts"}],"about":[{"href":"https:\/\/www.lacivicapermerano.eu\/de\/wp-json\/wp\/v2\/types\/post"}],"author":[{"embeddable":true,"href":"https:\/\/www.lacivicapermerano.eu\/de\/wp-json\/wp\/v2\/users\/1"}],"replies":[{"embeddable":true,"href":"https:\/\/www.lacivicapermerano.eu\/de\/wp-json\/wp\/v2\/comments?post=1865"}],"version-history":[{"count":1,"href":"https:\/\/www.lacivicapermerano.eu\/de\/wp-json\/wp\/v2\/posts\/1865\/revisions"}],"predecessor-version":[{"id":1866,"href":"https:\/\/www.lacivicapermerano.eu\/de\/wp-json\/wp\/v2\/posts\/1865\/revisions\/1866"}],"wp:attachment":[{"href":"https:\/\/www.lacivicapermerano.eu\/de\/wp-json\/wp\/v2\/media?parent=1865"}],"wp:term":[{"taxonomy":"category","embeddable":true,"href":"https:\/\/www.lacivicapermerano.eu\/de\/wp-json\/wp\/v2\/categories?post=1865"},{"taxonomy":"post_tag","embeddable":true,"href":"https:\/\/www.lacivicapermerano.eu\/de\/wp-json\/wp\/v2\/tags?post=1865"}],"curies":[{"name":"wp","href":"https:\/\/api.w.org\/{rel}","templated":true}]}}