{"id":1863,"date":"2024-06-11T14:04:00","date_gmt":"2024-06-11T12:04:00","guid":{"rendered":"https:\/\/www.lacivicapermerano.eu\/?p=1863"},"modified":"2025-01-30T14:04:59","modified_gmt":"2025-01-30T13:04:59","slug":"censimento-linguistico-provinciale","status":"publish","type":"post","link":"https:\/\/www.lacivicapermerano.eu\/de\/2024\/06\/11\/censimento-linguistico-provinciale\/","title":{"rendered":"Censimento Linguistico Provinciale"},"content":{"rendered":"<div id=\"fb-root\"><\/div>\n\n<p><strong>Censimento Linguistico Provinciale: Ultime Due Settimane per Partecipare<\/strong><\/p>\n\n\n\n<p>Il censimento linguistico provinciale \u00e8 ancora in corso per due settimane e si concluder\u00e0 il 30 giugno. Finora, la partecipazione \u00e8 stata limitata e invitiamo tutti i cittadini a sfruttare queste ultime due settimane per contribuire al successo dell&#8217;iniziativa.<\/p>\n\n\n\n<p>Partecipare al censimento non \u00e8 solo un dovere civico, ma soprattutto un diritto fondamentale, il diritto di essere adeguatamente rappresentati in proporzione al proprio gruppo linguistico. La proporzionale etnica, infatti, \u00e8 uno speciale regime giuridico che in Alto Adige disciplina l&#8217;accesso ai pubblici impieghi e l&#8217;assegnazione di alloggi popolari, garantendo una distribuzione equa tra i gruppi linguistici italiano, tedesco e ladino.<\/p>\n\n\n\n<p>Sebbene talvolta venga percepita come un\u2019iniziativa anacronistica, nel contesto normativo regolato dallo Statuto di Autonomia \u00e8 uno strumento irrinunciabile. Senza un&#8217;adeguata partecipazione, si rischierebbero distorsioni nei dati che condizionano la rappresentanza politica, l\u2019assunzione di personale nel servizio pubblico e la distribuzione delle risorse pubbliche, quali finanziamenti per la cultura o l\u2019edilizia sociale abitativa.<\/p>\n\n\n\n<p>Dopo una prima fase di rilevazione online, in aprile \u00e8 iniziata la seconda fase del censimento, in cui i rilevatori del Comune stanno effettuando la rilevazione porta a porta. Tuttavia, potrebbe non essere possibile raggiungere tutti i cittadini che non hanno ancora partecipato. Per questo motivo, invitiamo tutti coloro che non hanno ancora fatto la loro dichiarazione a recarsi in Municipio, alla stanza 116 al primo piano, per compilare il modulo. \u00c8 un&#8217;operazione che richiede pochi minuti ma \u00e8 fondamentale per garantire una rappresentanza adeguata.<\/p>\n\n\n\n<p>Gli orari di apertura del Municipio sono i seguenti:<\/p>\n\n\n\n<ul class=\"wp-block-list\">\n<li>Luned\u00ec, marted\u00ec, mercoled\u00ec e venerd\u00ec dalle 8:30 alle 12:00<\/li>\n\n\n\n<li>Gioved\u00ec dalle 8:30 alle 13:00 e dalle 14:00 alle 17:30.<\/li>\n<\/ul>","protected":false},"excerpt":{"rendered":"<p>Censimento Linguistico Provinciale: Ultime Due Settimane per Partecipare Il censimento linguistico provinciale \u00e8 ancora in corso per due settimane e si concluder\u00e0 [&hellip;]<\/p>\n","protected":false},"author":1,"featured_media":0,"comment_status":"closed","ping_status":"closed","sticky":false,"template":"post-templates\/post_nosidebar.php","format":"standard","meta":{"footnotes":""},"categories":[18],"tags":[],"class_list":["post-1863","post","type-post","status-publish","format-standard","hentry","category-press"],"_links":{"self":[{"href":"https:\/\/www.lacivicapermerano.eu\/de\/wp-json\/wp\/v2\/posts\/1863","targetHints":{"allow":["GET"]}}],"collection":[{"href":"https:\/\/www.lacivicapermerano.eu\/de\/wp-json\/wp\/v2\/posts"}],"about":[{"href":"https:\/\/www.lacivicapermerano.eu\/de\/wp-json\/wp\/v2\/types\/post"}],"author":[{"embeddable":true,"href":"https:\/\/www.lacivicapermerano.eu\/de\/wp-json\/wp\/v2\/users\/1"}],"replies":[{"embeddable":true,"href":"https:\/\/www.lacivicapermerano.eu\/de\/wp-json\/wp\/v2\/comments?post=1863"}],"version-history":[{"count":1,"href":"https:\/\/www.lacivicapermerano.eu\/de\/wp-json\/wp\/v2\/posts\/1863\/revisions"}],"predecessor-version":[{"id":1864,"href":"https:\/\/www.lacivicapermerano.eu\/de\/wp-json\/wp\/v2\/posts\/1863\/revisions\/1864"}],"wp:attachment":[{"href":"https:\/\/www.lacivicapermerano.eu\/de\/wp-json\/wp\/v2\/media?parent=1863"}],"wp:term":[{"taxonomy":"category","embeddable":true,"href":"https:\/\/www.lacivicapermerano.eu\/de\/wp-json\/wp\/v2\/categories?post=1863"},{"taxonomy":"post_tag","embeddable":true,"href":"https:\/\/www.lacivicapermerano.eu\/de\/wp-json\/wp\/v2\/tags?post=1863"}],"curies":[{"name":"wp","href":"https:\/\/api.w.org\/{rel}","templated":true}]}}