{"id":1846,"date":"2024-04-26T13:11:00","date_gmt":"2024-04-26T11:11:00","guid":{"rendered":"https:\/\/www.lacivicapermerano.eu\/?p=1846"},"modified":"2025-01-30T13:21:47","modified_gmt":"2025-01-30T12:21:47","slug":"25-aprile-e-la-polemica-sulle-celebrazioni","status":"publish","type":"post","link":"https:\/\/www.lacivicapermerano.eu\/de\/2024\/04\/26\/25-aprile-e-la-polemica-sulle-celebrazioni\/","title":{"rendered":"25 aprile e la polemica sulle celebrazioni"},"content":{"rendered":"<div id=\"fb-root\"><\/div>\n\n<p>Per Daniela Rossi del Pd il 25 aprile a Merano non \u00e8 una giornata di libert\u00e0, speranza e convivenza collettiva.<\/p>\n\n\n\n<p>Siamo rimasti sorpresi e scioccati dalle parole della consigliera Daniela Rossi sulla giornata della Liberazione, in un comunicato scrive La Civica. Secondo Rossi le cerimonie organizzate per la commemorazione della Liberazione a Merano non rappresenterebbero una giornata di libert\u00e0, speranza e convivenza collettiva. Per il Pd infatti lo splendido lavoro logistico del Reggimento degli Alpini Julia al quale da anni viene affidata l&#8217;organizzazione delle cerimonie non \u00e8 soddisfacente e non coinvolgerebbe la societ\u00e0 civile.&nbsp;&nbsp;Tanta polemica via social ma le due coalizioni civiche erano presenti con sei rappresentanti. Per il Pd alle ricorrenze c&#8217;era il coordinatore cittadino Giuseppe Panusa il quale anche lui si \u00e8 lamentato dell&#8217;organizzazione, salvo poi dovere ammettere che quella era la sua prima presenza alla ricorrenza pubblica. Spiega Walter Taranto, capo gruppo consiliare della Civica:&nbsp;\u00abSui valori antifascisti non accettiamo lezioni dal Pd al quale diciamo che imporre al sindaco una azione all&#8217;ultimo minuto per poi lamentarsi del fatto che questa imposizione \u00e8 stata respinta sembra una operazione solamente provocatoria\u00bb, afferma Taranto che continua: \u00abIl Pd prima tira per la giacca il presidente Mattarella, citando le sue parole di pace, poi con Panusa mette in dubbio i valori di libert\u00e0 e giustizia dell&#8217;Amministrazione comunale perch\u00e9 una loro proposta non \u00e8 stata accolta, infine, sembrerebbe volere togliere l&#8217;organizzazione del 25 aprile al Reggimento Julia che noi invece ringraziamo di cuore. Tutto per far polemica, visto che Daniela Rossi \u00e8 consigliera di lungo corso e non ricordiamo nel passato una sua presa di posizione in materia, soprattutto quando da assessora avrebbe potuto alzare la voce. Insomma, speculazione e basta, esattamente il contrario di quello che chiedevano le parole del presidente Mattarella \u00bb, conclude Taranto che alla cerimonia del 25 aprile ha orgogliosamente rappresentato l&#8217;Amministrazione tutta.<\/p>\n\n\n\n<p>Beatrice Calligione, segretaria della Civica, infine dichiara: \u00abQui non sono in discussione i valori dell&#8217;antifascismo, in cui tutti indistintamente ci identifichiamo. Temo invece che ad essere messo in discussione debba essere il metodo populista e un po&#8217; arrogante di chi strumentalizza un evento di cos\u00ec grande pregnanza. Un po&#8217; di umilt\u00e0 non farebbe male alla causa dei valori di libert\u00e0, uguaglianza e rispetto di cui tutti ci stiamo riempiendo la bocca\u00bb, le parole della coordinatrice.<\/p>\n\n\n\n<p>La Civica per Merano<\/p>\n\n\n\n<p><\/p>","protected":false},"excerpt":{"rendered":"<p>Per Daniela Rossi del Pd il 25 aprile a Merano non \u00e8 una giornata di libert\u00e0, speranza e convivenza collettiva. Siamo rimasti [&hellip;]<\/p>\n","protected":false},"author":1,"featured_media":0,"comment_status":"closed","ping_status":"closed","sticky":false,"template":"post-templates\/post_nosidebar.php","format":"standard","meta":{"footnotes":""},"categories":[18],"tags":[],"class_list":["post-1846","post","type-post","status-publish","format-standard","hentry","category-press"],"_links":{"self":[{"href":"https:\/\/www.lacivicapermerano.eu\/de\/wp-json\/wp\/v2\/posts\/1846","targetHints":{"allow":["GET"]}}],"collection":[{"href":"https:\/\/www.lacivicapermerano.eu\/de\/wp-json\/wp\/v2\/posts"}],"about":[{"href":"https:\/\/www.lacivicapermerano.eu\/de\/wp-json\/wp\/v2\/types\/post"}],"author":[{"embeddable":true,"href":"https:\/\/www.lacivicapermerano.eu\/de\/wp-json\/wp\/v2\/users\/1"}],"replies":[{"embeddable":true,"href":"https:\/\/www.lacivicapermerano.eu\/de\/wp-json\/wp\/v2\/comments?post=1846"}],"version-history":[{"count":1,"href":"https:\/\/www.lacivicapermerano.eu\/de\/wp-json\/wp\/v2\/posts\/1846\/revisions"}],"predecessor-version":[{"id":1847,"href":"https:\/\/www.lacivicapermerano.eu\/de\/wp-json\/wp\/v2\/posts\/1846\/revisions\/1847"}],"wp:attachment":[{"href":"https:\/\/www.lacivicapermerano.eu\/de\/wp-json\/wp\/v2\/media?parent=1846"}],"wp:term":[{"taxonomy":"category","embeddable":true,"href":"https:\/\/www.lacivicapermerano.eu\/de\/wp-json\/wp\/v2\/categories?post=1846"},{"taxonomy":"post_tag","embeddable":true,"href":"https:\/\/www.lacivicapermerano.eu\/de\/wp-json\/wp\/v2\/tags?post=1846"}],"curies":[{"name":"wp","href":"https:\/\/api.w.org\/{rel}","templated":true}]}}